{"id":4106,"date":"2024-11-15T14:55:28","date_gmt":"2024-11-15T14:55:28","guid":{"rendered":"https:\/\/plastimex.mx\/?p=4106"},"modified":"2024-11-15T15:38:33","modified_gmt":"2024-11-15T15:38:33","slug":"envases-plasticos-amigo-o-enemigo-del-medio-ambiente","status":"publish","type":"post","link":"https:\/\/plastimex.mx\/es_mx\/envases-plasticos-amigo-o-enemigo-del-medio-ambiente\/","title":{"rendered":"Envases pl\u00e1sticos \u00bfAmigo o enemigo del medio ambiente?\u00a0"},"content":{"rendered":"\t\t<div data-elementor-type=\"wp-post\" data-elementor-id=\"4106\" class=\"elementor elementor-4106\" data-elementor-post-type=\"post\">\n\t\t\t\t\t\t<section class=\"elementor-section elementor-top-section elementor-element elementor-element-5d87750 elementor-section-boxed elementor-section-height-default elementor-section-height-default\" data-id=\"5d87750\" data-element_type=\"section\">\n\t\t\t\t\t\t<div class=\"elementor-container elementor-column-gap-default\">\n\t\t\t\t\t<div class=\"elementor-column elementor-col-100 elementor-top-column elementor-element elementor-element-ee759f7\" data-id=\"ee759f7\" data-element_type=\"column\">\n\t\t\t<div class=\"elementor-widget-wrap elementor-element-populated\">\n\t\t\t\t\t\t<div class=\"elementor-element elementor-element-e076c8a elementor-widget elementor-widget-text-editor\" data-id=\"e076c8a\" data-element_type=\"widget\" data-widget_type=\"text-editor.default\">\n\t\t\t\t<div class=\"elementor-widget-container\">\n\t\t\t\t\t\t\t\t\t<p><span style=\"font-weight: 400;\">Existe una constante lucha para eliminar el pl\u00e1stico en busca de un entorno m\u00e1s verde y sustentable, pero la realidad es que es una tarea m\u00e1s dif\u00edcil de lo que pensamos. El pl\u00e1stico lo utilizamos todos los d\u00edas en productos como botellas, tuppers, accesorios para celular, utensilios, herramientas, etc., pr\u00e1cticamente para cualquier cosa y en todas las industrias.<\/span><\/p><p><span style=\"font-weight: 400;\">Pero en realidad\u2026 \u00bfEste material es tan malo como lo pintan? A continuaci\u00f3n profundizaremos sobre el tema.\u00a0<\/span><\/p>\t\t\t\t\t\t\t\t<\/div>\n\t\t\t\t<\/div>\n\t\t\t\t\t<\/div>\n\t\t<\/div>\n\t\t\t\t\t<\/div>\n\t\t<\/section>\n\t\t\t\t<section class=\"elementor-section elementor-top-section elementor-element elementor-element-8d84b9b elementor-section-boxed elementor-section-height-default elementor-section-height-default\" data-id=\"8d84b9b\" data-element_type=\"section\">\n\t\t\t\t\t\t<div class=\"elementor-container elementor-column-gap-default\">\n\t\t\t\t\t<div class=\"elementor-column elementor-col-100 elementor-top-column elementor-element elementor-element-9091edb\" data-id=\"9091edb\" data-element_type=\"column\">\n\t\t\t<div class=\"elementor-widget-wrap elementor-element-populated\">\n\t\t\t\t\t\t<div class=\"elementor-element elementor-element-e184dc1 elementor-widget elementor-widget-heading\" data-id=\"e184dc1\" data-element_type=\"widget\" data-widget_type=\"heading.default\">\n\t\t\t\t<div class=\"elementor-widget-container\">\n\t\t\t\t\t<h2 class=\"elementor-heading-title elementor-size-default\">Los envases pl\u00e1sticos en el medio ambiente <\/h2>\t\t\t\t<\/div>\n\t\t\t\t<\/div>\n\t\t\t\t<div class=\"elementor-element elementor-element-8b590e9 elementor-widget elementor-widget-text-editor\" data-id=\"8b590e9\" data-element_type=\"widget\" data-widget_type=\"text-editor.default\">\n\t\t\t\t<div class=\"elementor-widget-container\">\n\t\t\t\t\t\t\t\t\t<p><span style=\"font-weight: 400;\">El pl\u00e1stico es uno de los materiales m\u00e1s utilizados por sus m\u00faltiples propiedades y versatilidad. Su producci\u00f3n consume menos energ\u00eda en comparaci\u00f3n con la fabricaci\u00f3n de otros materiales, por ejemplo: el vidrio o el metal.\u00a0<\/span><\/p><p><span style=\"font-weight: 400;\">Investigaciones recientes han revelado que existen aditivos que se utilizan en los <\/span><b>envases pl\u00e1sticos<\/b><span style=\"font-weight: 400;\"> para no afectar su reciclabilidad, provocando que sean m\u00e1s resistentes, se adapten a distintas condiciones clim\u00e1ticas y prolonguen su ciclo de vida.\u00a0<\/span><\/p><p><span style=\"font-weight: 400;\">Estos aditivos traen consigo nuevos desarrollos, pues se encargan de modificar y mejorar las propiedades qu\u00edmicas en la fabricaci\u00f3n de nuevos productos para que sean f\u00e1ciles de reciclar.\u00a0<\/span><\/p>\t\t\t\t\t\t\t\t<\/div>\n\t\t\t\t<\/div>\n\t\t\t\t<div class=\"elementor-element elementor-element-10be642 elementor-widget elementor-widget-heading\" data-id=\"10be642\" data-element_type=\"widget\" data-widget_type=\"heading.default\">\n\t\t\t\t<div class=\"elementor-widget-container\">\n\t\t\t\t\t<h3 class=\"elementor-heading-title elementor-size-default\">\u00bfC\u00f3mo los envases pl\u00e1sticos contribuyen al medio ambiente? <\/h3>\t\t\t\t<\/div>\n\t\t\t\t<\/div>\n\t\t\t\t<div class=\"elementor-element elementor-element-25ddae5 elementor-widget elementor-widget-text-editor\" data-id=\"25ddae5\" data-element_type=\"widget\" data-widget_type=\"text-editor.default\">\n\t\t\t\t<div class=\"elementor-widget-container\">\n\t\t\t\t\t\t\t\t\t<p><span style=\"font-weight: 400;\">Aunque a\u00fan queda mucho por avanzar en la gesti\u00f3n de residuos pl\u00e1sticos, se han implementado nuevas t\u00e9cnicas y procesos que abordan esta problem\u00e1tica.\u00a0<\/span><\/p><p><span style=\"font-weight: 400;\">Una vez que los envases de pl\u00e1stico son desechados, <\/span><span style=\"font-weight: 400;\">siguen siendo muy valiosos. Pueden ser reciclados para emplearse como combustible alternativo,\u00a0 ya que las estad\u00edsticas arrojan que se emiten menos emisiones de carbono en comparaci\u00f3n con otros materiales.<\/span><\/p><p><span style=\"font-weight: 400;\">Otro ejemplo de su reutilizaci\u00f3n es en materiales de construcci\u00f3n. Actualmente los ecoladrillos se han convertido en una soluci\u00f3n para utilizar los pl\u00e1sticos no reciclables; consiste en rellenar las botellas con envolturas de alimentos, bolsas y otros desechos para crear una estructura resistente.\u00a0<\/span><\/p><p><span style=\"font-weight: 400;\">Tambi\u00e9n se recurre al pl\u00e1stico para cubrir ciertas demandas t\u00e9cnicas, como tuber\u00edas o piezas de autom\u00f3viles el\u00e9ctricos. Por su ligereza, se reduce la energ\u00eda para ser transportados y, por su durabilidad, el reemplazo del producto ser\u00e1 menos frecuente.<\/span><\/p><p><span style=\"font-weight: 400;\">Como podemos observar, el uso del pl\u00e1stico no es negativo. Se puede implementar de manera positiva y, para maximizar estos beneficios, es esencial crear y trabajar en las nuevas propuestas para una buena gesti\u00f3n de residuos.\u00a0<\/span><\/p><p><span style=\"font-weight: 400;\">Por ello, es importante que como consumidores hagamos un uso responsable de este material y que los fabricantes implementen planes de acci\u00f3n ante esta situaci\u00f3n.\u00a0<\/span><\/p><p><a href=\"https:\/\/plastimex.mx\/\"><b>Plastimex<\/b><\/a><span style=\"font-weight: 400;\"> mantiene un trato cordial y amigable con el medio ambiente. Implementamos sistemas de captaci\u00f3n de agua de lluvia para\u00a0 usarla en el sistema de enfriamiento de la planta, ba\u00f1os, tarjas y el riego de \u00e1rboles jard\u00ednes y plantas. Adem\u00e1s, nuestra energ\u00eda se obtiene a partir de paneles solares.<\/span><\/p>\t\t\t\t\t\t\t\t<\/div>\n\t\t\t\t<\/div>\n\t\t\t\t\t<\/div>\n\t\t<\/div>\n\t\t\t\t\t<\/div>\n\t\t<\/section>\n\t\t\t\t<\/div>\n\t\t","protected":false},"excerpt":{"rendered":"<p>Existe una constante lucha para eliminar el pl\u00e1stico en busca de un entorno m\u00e1s verde y sustentable, pero la realidad es que es una tarea m\u00e1s dif\u00edcil de lo que pensamos. El pl\u00e1stico lo utilizamos todos los d\u00edas en productos como botellas, tuppers, accesorios para celular, utensilios, herramientas, etc., pr\u00e1cticamente para cualquier cosa y en &hellip;<\/p>\n<p class=\"read-more\"> <a class=\"\" href=\"https:\/\/plastimex.mx\/es_mx\/envases-plasticos-amigo-o-enemigo-del-medio-ambiente\/\"> <span class=\"screen-reader-text\">Envases pl\u00e1sticos \u00bfAmigo o enemigo del medio ambiente?\u00a0<\/span> Leer m\u00e1s &raquo;<\/a><\/p>\n","protected":false},"author":3,"featured_media":4108,"comment_status":"closed","ping_status":"open","sticky":false,"template":"","format":"standard","meta":{"_acf_changed":false,"_joinchat":[],"footnotes":""},"categories":[141,91,147,138,116],"tags":[60,99,104,55,56],"class_list":["post-4106","post","type-post","status-publish","format-standard","has-post-thumbnail","hentry","category-hdpe","category-packaging","category-pead","category-pet","category-plastics-industry","tag-plastic","tag-plastic-containers","tag-plastics","tag-plastics-industry","tag-sustainability"],"acf":[],"yoast_head":"<!-- This site is optimized with the Yoast SEO plugin v27.4 - https:\/\/yoast.com\/product\/yoast-seo-wordpress\/ -->\n<title>Envases pl\u00e1sticos \u00bfAmigo o enemigo del medio ambiente?\u00a0 - Plastimex<\/title>\n<meta name=\"description\" content=\"Existe una lucha para eliminar el pl\u00e1stico, pero la realidad es que es una tarea m\u00e1s dif\u00edcil de lo que pensamos.\" \/>\n<meta name=\"robots\" content=\"index, follow, max-snippet:-1, max-image-preview:large, max-video-preview:-1\" \/>\n<link rel=\"canonical\" href=\"https:\/\/plastimex.mx\/es_mx\/envases-plasticos-amigo-o-enemigo-del-medio-ambiente\/\" \/>\n<meta property=\"og:locale\" content=\"es_MX\" \/>\n<meta property=\"og:type\" content=\"article\" \/>\n<meta property=\"og:title\" content=\"Envases pl\u00e1sticos \u00bfAmigo o enemigo del medio ambiente?\u00a0 - Plastimex\" \/>\n<meta property=\"og:description\" content=\"Existe una lucha para eliminar el pl\u00e1stico, pero la realidad es que es una tarea m\u00e1s dif\u00edcil de lo que pensamos.\" \/>\n<meta property=\"og:url\" content=\"https:\/\/plastimex.mx\/es_mx\/envases-plasticos-amigo-o-enemigo-del-medio-ambiente\/\" \/>\n<meta property=\"og:site_name\" content=\"Plastimex\" \/>\n<meta property=\"article:published_time\" content=\"2024-11-15T14:55:28+00:00\" \/>\n<meta property=\"article:modified_time\" content=\"2024-11-15T15:38:33+00:00\" \/>\n<meta property=\"og:image\" content=\"https:\/\/plastimex.mx\/wp-content\/uploads\/2024\/11\/Envases-plasticos-1024x680.png\" \/>\n\t<meta property=\"og:image:width\" content=\"1024\" \/>\n\t<meta property=\"og:image:height\" content=\"680\" \/>\n\t<meta property=\"og:image:type\" content=\"image\/png\" \/>\n<meta name=\"author\" content=\"Marisol Urdapilleta\" \/>\n<meta name=\"twitter:card\" content=\"summary_large_image\" \/>\n<meta name=\"twitter:label1\" content=\"Escrito por\" \/>\n\t<meta name=\"twitter:data1\" content=\"Marisol Urdapilleta\" \/>\n\t<meta name=\"twitter:label2\" content=\"Tiempo de lectura\" \/>\n\t<meta name=\"twitter:data2\" content=\"3 minutos\" \/>\n<script type=\"application\/ld+json\" class=\"yoast-schema-graph\">{\"@context\":\"https:\\\/\\\/schema.org\",\"@graph\":[{\"@type\":\"Article\",\"@id\":\"https:\\\/\\\/plastimex.mx\\\/envases-plasticos-amigo-o-enemigo-del-medio-ambiente\\\/#article\",\"isPartOf\":{\"@id\":\"https:\\\/\\\/plastimex.mx\\\/envases-plasticos-amigo-o-enemigo-del-medio-ambiente\\\/\"},\"author\":{\"name\":\"Marisol Urdapilleta\",\"@id\":\"https:\\\/\\\/plastimex.mx\\\/#\\\/schema\\\/person\\\/2e6fe1f52942e5bc0b1029015acdf299\"},\"headline\":\"Envases pl\u00e1sticos \u00bfAmigo o enemigo del medio ambiente?\u00a0\",\"datePublished\":\"2024-11-15T14:55:28+00:00\",\"dateModified\":\"2024-11-15T15:38:33+00:00\",\"mainEntityOfPage\":{\"@id\":\"https:\\\/\\\/plastimex.mx\\\/envases-plasticos-amigo-o-enemigo-del-medio-ambiente\\\/\"},\"wordCount\":502,\"publisher\":{\"@id\":\"https:\\\/\\\/plastimex.mx\\\/#organization\"},\"image\":{\"@id\":\"https:\\\/\\\/plastimex.mx\\\/envases-plasticos-amigo-o-enemigo-del-medio-ambiente\\\/#primaryimage\"},\"thumbnailUrl\":\"https:\\\/\\\/plastimex.mx\\\/wp-content\\\/uploads\\\/2024\\\/11\\\/Envases-plasticos.png\",\"keywords\":[\"plastic\",\"plastic containers\",\"plastics\",\"plastics industry\",\"sustainability\"],\"articleSection\":[\"HDPE\",\"Packaging\",\"PEAD\",\"PET\",\"Plastics industry\"],\"inLanguage\":\"es\"},{\"@type\":\"WebPage\",\"@id\":\"https:\\\/\\\/plastimex.mx\\\/envases-plasticos-amigo-o-enemigo-del-medio-ambiente\\\/\",\"url\":\"https:\\\/\\\/plastimex.mx\\\/envases-plasticos-amigo-o-enemigo-del-medio-ambiente\\\/\",\"name\":\"Envases pl\u00e1sticos \u00bfAmigo o enemigo del medio ambiente?\u00a0 - Plastimex\",\"isPartOf\":{\"@id\":\"https:\\\/\\\/plastimex.mx\\\/#website\"},\"primaryImageOfPage\":{\"@id\":\"https:\\\/\\\/plastimex.mx\\\/envases-plasticos-amigo-o-enemigo-del-medio-ambiente\\\/#primaryimage\"},\"image\":{\"@id\":\"https:\\\/\\\/plastimex.mx\\\/envases-plasticos-amigo-o-enemigo-del-medio-ambiente\\\/#primaryimage\"},\"thumbnailUrl\":\"https:\\\/\\\/plastimex.mx\\\/wp-content\\\/uploads\\\/2024\\\/11\\\/Envases-plasticos.png\",\"datePublished\":\"2024-11-15T14:55:28+00:00\",\"dateModified\":\"2024-11-15T15:38:33+00:00\",\"description\":\"Existe una lucha para eliminar el pl\u00e1stico, pero la realidad es que es una tarea m\u00e1s dif\u00edcil de lo que pensamos.\",\"breadcrumb\":{\"@id\":\"https:\\\/\\\/plastimex.mx\\\/envases-plasticos-amigo-o-enemigo-del-medio-ambiente\\\/#breadcrumb\"},\"inLanguage\":\"es\",\"potentialAction\":[{\"@type\":\"ReadAction\",\"target\":[\"https:\\\/\\\/plastimex.mx\\\/envases-plasticos-amigo-o-enemigo-del-medio-ambiente\\\/\"]}]},{\"@type\":\"ImageObject\",\"inLanguage\":\"es\",\"@id\":\"https:\\\/\\\/plastimex.mx\\\/envases-plasticos-amigo-o-enemigo-del-medio-ambiente\\\/#primaryimage\",\"url\":\"https:\\\/\\\/plastimex.mx\\\/wp-content\\\/uploads\\\/2024\\\/11\\\/Envases-plasticos.png\",\"contentUrl\":\"https:\\\/\\\/plastimex.mx\\\/wp-content\\\/uploads\\\/2024\\\/11\\\/Envases-plasticos.png\",\"width\":2653,\"height\":1762,\"caption\":\"Envases pl\u00e1sticos\"},{\"@type\":\"BreadcrumbList\",\"@id\":\"https:\\\/\\\/plastimex.mx\\\/envases-plasticos-amigo-o-enemigo-del-medio-ambiente\\\/#breadcrumb\",\"itemListElement\":[{\"@type\":\"ListItem\",\"position\":1,\"name\":\"Home\",\"item\":\"https:\\\/\\\/plastimex.mx\\\/\"},{\"@type\":\"ListItem\",\"position\":2,\"name\":\"Envases pl\u00e1sticos \u00bfAmigo o enemigo del medio ambiente?\u00a0\"}]},{\"@type\":\"WebSite\",\"@id\":\"https:\\\/\\\/plastimex.mx\\\/#website\",\"url\":\"https:\\\/\\\/plastimex.mx\\\/\",\"name\":\"Plastimex\",\"description\":\"Plastimex\",\"publisher\":{\"@id\":\"https:\\\/\\\/plastimex.mx\\\/#organization\"},\"potentialAction\":[{\"@type\":\"SearchAction\",\"target\":{\"@type\":\"EntryPoint\",\"urlTemplate\":\"https:\\\/\\\/plastimex.mx\\\/?s={search_term_string}\"},\"query-input\":{\"@type\":\"PropertyValueSpecification\",\"valueRequired\":true,\"valueName\":\"search_term_string\"}}],\"inLanguage\":\"es\"},{\"@type\":\"Organization\",\"@id\":\"https:\\\/\\\/plastimex.mx\\\/#organization\",\"name\":\"Plastimex\",\"url\":\"https:\\\/\\\/plastimex.mx\\\/\",\"logo\":{\"@type\":\"ImageObject\",\"inLanguage\":\"es\",\"@id\":\"https:\\\/\\\/plastimex.mx\\\/#\\\/schema\\\/logo\\\/image\\\/\",\"url\":\"https:\\\/\\\/plastimex.mx\\\/wp-content\\\/uploads\\\/2020\\\/02\\\/Plastimex-RGB.png\",\"contentUrl\":\"https:\\\/\\\/plastimex.mx\\\/wp-content\\\/uploads\\\/2020\\\/02\\\/Plastimex-RGB.png\",\"width\":540,\"height\":171,\"caption\":\"Plastimex\"},\"image\":{\"@id\":\"https:\\\/\\\/plastimex.mx\\\/#\\\/schema\\\/logo\\\/image\\\/\"}},{\"@type\":\"Person\",\"@id\":\"https:\\\/\\\/plastimex.mx\\\/#\\\/schema\\\/person\\\/2e6fe1f52942e5bc0b1029015acdf299\",\"name\":\"Marisol Urdapilleta\",\"image\":{\"@type\":\"ImageObject\",\"inLanguage\":\"es\",\"@id\":\"https:\\\/\\\/secure.gravatar.com\\\/avatar\\\/ba78e252fe9d3377b4ddb8c7f8044323b0e88f4058a7b2140c978ab21c59107f?s=96&d=mm&r=g\",\"url\":\"https:\\\/\\\/secure.gravatar.com\\\/avatar\\\/ba78e252fe9d3377b4ddb8c7f8044323b0e88f4058a7b2140c978ab21c59107f?s=96&d=mm&r=g\",\"contentUrl\":\"https:\\\/\\\/secure.gravatar.com\\\/avatar\\\/ba78e252fe9d3377b4ddb8c7f8044323b0e88f4058a7b2140c978ab21c59107f?s=96&d=mm&r=g\",\"caption\":\"Marisol Urdapilleta\"},\"url\":\"https:\\\/\\\/plastimex.mx\\\/es_mx\\\/author\\\/marisol\\\/\"}]}<\/script>\n<!-- \/ Yoast SEO plugin. -->","yoast_head_json":{"title":"Envases pl\u00e1sticos \u00bfAmigo o enemigo del medio ambiente?\u00a0 - Plastimex","description":"Existe una lucha para eliminar el pl\u00e1stico, pero la realidad es que es una tarea m\u00e1s dif\u00edcil de lo que pensamos.","robots":{"index":"index","follow":"follow","max-snippet":"max-snippet:-1","max-image-preview":"max-image-preview:large","max-video-preview":"max-video-preview:-1"},"canonical":"https:\/\/plastimex.mx\/es_mx\/envases-plasticos-amigo-o-enemigo-del-medio-ambiente\/","og_locale":"es_MX","og_type":"article","og_title":"Envases pl\u00e1sticos \u00bfAmigo o enemigo del medio ambiente?\u00a0 - Plastimex","og_description":"Existe una lucha para eliminar el pl\u00e1stico, pero la realidad es que es una tarea m\u00e1s dif\u00edcil de lo que pensamos.","og_url":"https:\/\/plastimex.mx\/es_mx\/envases-plasticos-amigo-o-enemigo-del-medio-ambiente\/","og_site_name":"Plastimex","article_published_time":"2024-11-15T14:55:28+00:00","article_modified_time":"2024-11-15T15:38:33+00:00","og_image":[{"width":1024,"height":680,"url":"https:\/\/plastimex.mx\/wp-content\/uploads\/2024\/11\/Envases-plasticos-1024x680.png","type":"image\/png"}],"author":"Marisol Urdapilleta","twitter_card":"summary_large_image","twitter_misc":{"Escrito por":"Marisol Urdapilleta","Tiempo de lectura":"3 minutos"},"schema":{"@context":"https:\/\/schema.org","@graph":[{"@type":"Article","@id":"https:\/\/plastimex.mx\/envases-plasticos-amigo-o-enemigo-del-medio-ambiente\/#article","isPartOf":{"@id":"https:\/\/plastimex.mx\/envases-plasticos-amigo-o-enemigo-del-medio-ambiente\/"},"author":{"name":"Marisol Urdapilleta","@id":"https:\/\/plastimex.mx\/#\/schema\/person\/2e6fe1f52942e5bc0b1029015acdf299"},"headline":"Envases pl\u00e1sticos \u00bfAmigo o enemigo del medio ambiente?\u00a0","datePublished":"2024-11-15T14:55:28+00:00","dateModified":"2024-11-15T15:38:33+00:00","mainEntityOfPage":{"@id":"https:\/\/plastimex.mx\/envases-plasticos-amigo-o-enemigo-del-medio-ambiente\/"},"wordCount":502,"publisher":{"@id":"https:\/\/plastimex.mx\/#organization"},"image":{"@id":"https:\/\/plastimex.mx\/envases-plasticos-amigo-o-enemigo-del-medio-ambiente\/#primaryimage"},"thumbnailUrl":"https:\/\/plastimex.mx\/wp-content\/uploads\/2024\/11\/Envases-plasticos.png","keywords":["plastic","plastic containers","plastics","plastics industry","sustainability"],"articleSection":["HDPE","Packaging","PEAD","PET","Plastics industry"],"inLanguage":"es"},{"@type":"WebPage","@id":"https:\/\/plastimex.mx\/envases-plasticos-amigo-o-enemigo-del-medio-ambiente\/","url":"https:\/\/plastimex.mx\/envases-plasticos-amigo-o-enemigo-del-medio-ambiente\/","name":"Envases pl\u00e1sticos \u00bfAmigo o enemigo del medio ambiente?\u00a0 - Plastimex","isPartOf":{"@id":"https:\/\/plastimex.mx\/#website"},"primaryImageOfPage":{"@id":"https:\/\/plastimex.mx\/envases-plasticos-amigo-o-enemigo-del-medio-ambiente\/#primaryimage"},"image":{"@id":"https:\/\/plastimex.mx\/envases-plasticos-amigo-o-enemigo-del-medio-ambiente\/#primaryimage"},"thumbnailUrl":"https:\/\/plastimex.mx\/wp-content\/uploads\/2024\/11\/Envases-plasticos.png","datePublished":"2024-11-15T14:55:28+00:00","dateModified":"2024-11-15T15:38:33+00:00","description":"Existe una lucha para eliminar el pl\u00e1stico, pero la realidad es que es una tarea m\u00e1s dif\u00edcil de lo que pensamos.","breadcrumb":{"@id":"https:\/\/plastimex.mx\/envases-plasticos-amigo-o-enemigo-del-medio-ambiente\/#breadcrumb"},"inLanguage":"es","potentialAction":[{"@type":"ReadAction","target":["https:\/\/plastimex.mx\/envases-plasticos-amigo-o-enemigo-del-medio-ambiente\/"]}]},{"@type":"ImageObject","inLanguage":"es","@id":"https:\/\/plastimex.mx\/envases-plasticos-amigo-o-enemigo-del-medio-ambiente\/#primaryimage","url":"https:\/\/plastimex.mx\/wp-content\/uploads\/2024\/11\/Envases-plasticos.png","contentUrl":"https:\/\/plastimex.mx\/wp-content\/uploads\/2024\/11\/Envases-plasticos.png","width":2653,"height":1762,"caption":"Envases pl\u00e1sticos"},{"@type":"BreadcrumbList","@id":"https:\/\/plastimex.mx\/envases-plasticos-amigo-o-enemigo-del-medio-ambiente\/#breadcrumb","itemListElement":[{"@type":"ListItem","position":1,"name":"Home","item":"https:\/\/plastimex.mx\/"},{"@type":"ListItem","position":2,"name":"Envases pl\u00e1sticos \u00bfAmigo o enemigo del medio ambiente?\u00a0"}]},{"@type":"WebSite","@id":"https:\/\/plastimex.mx\/#website","url":"https:\/\/plastimex.mx\/","name":"Plastimex","description":"Plastimex","publisher":{"@id":"https:\/\/plastimex.mx\/#organization"},"potentialAction":[{"@type":"SearchAction","target":{"@type":"EntryPoint","urlTemplate":"https:\/\/plastimex.mx\/?s={search_term_string}"},"query-input":{"@type":"PropertyValueSpecification","valueRequired":true,"valueName":"search_term_string"}}],"inLanguage":"es"},{"@type":"Organization","@id":"https:\/\/plastimex.mx\/#organization","name":"Plastimex","url":"https:\/\/plastimex.mx\/","logo":{"@type":"ImageObject","inLanguage":"es","@id":"https:\/\/plastimex.mx\/#\/schema\/logo\/image\/","url":"https:\/\/plastimex.mx\/wp-content\/uploads\/2020\/02\/Plastimex-RGB.png","contentUrl":"https:\/\/plastimex.mx\/wp-content\/uploads\/2020\/02\/Plastimex-RGB.png","width":540,"height":171,"caption":"Plastimex"},"image":{"@id":"https:\/\/plastimex.mx\/#\/schema\/logo\/image\/"}},{"@type":"Person","@id":"https:\/\/plastimex.mx\/#\/schema\/person\/2e6fe1f52942e5bc0b1029015acdf299","name":"Marisol Urdapilleta","image":{"@type":"ImageObject","inLanguage":"es","@id":"https:\/\/secure.gravatar.com\/avatar\/ba78e252fe9d3377b4ddb8c7f8044323b0e88f4058a7b2140c978ab21c59107f?s=96&d=mm&r=g","url":"https:\/\/secure.gravatar.com\/avatar\/ba78e252fe9d3377b4ddb8c7f8044323b0e88f4058a7b2140c978ab21c59107f?s=96&d=mm&r=g","contentUrl":"https:\/\/secure.gravatar.com\/avatar\/ba78e252fe9d3377b4ddb8c7f8044323b0e88f4058a7b2140c978ab21c59107f?s=96&d=mm&r=g","caption":"Marisol Urdapilleta"},"url":"https:\/\/plastimex.mx\/es_mx\/author\/marisol\/"}]}},"_links":{"self":[{"href":"https:\/\/plastimex.mx\/es_mx\/wp-json\/wp\/v2\/posts\/4106","targetHints":{"allow":["GET"]}}],"collection":[{"href":"https:\/\/plastimex.mx\/es_mx\/wp-json\/wp\/v2\/posts"}],"about":[{"href":"https:\/\/plastimex.mx\/es_mx\/wp-json\/wp\/v2\/types\/post"}],"author":[{"embeddable":true,"href":"https:\/\/plastimex.mx\/es_mx\/wp-json\/wp\/v2\/users\/3"}],"replies":[{"embeddable":true,"href":"https:\/\/plastimex.mx\/es_mx\/wp-json\/wp\/v2\/comments?post=4106"}],"version-history":[{"count":0,"href":"https:\/\/plastimex.mx\/es_mx\/wp-json\/wp\/v2\/posts\/4106\/revisions"}],"wp:featuredmedia":[{"embeddable":true,"href":"https:\/\/plastimex.mx\/es_mx\/wp-json\/wp\/v2\/media\/4108"}],"wp:attachment":[{"href":"https:\/\/plastimex.mx\/es_mx\/wp-json\/wp\/v2\/media?parent=4106"}],"wp:term":[{"taxonomy":"category","embeddable":true,"href":"https:\/\/plastimex.mx\/es_mx\/wp-json\/wp\/v2\/categories?post=4106"},{"taxonomy":"post_tag","embeddable":true,"href":"https:\/\/plastimex.mx\/es_mx\/wp-json\/wp\/v2\/tags?post=4106"}],"curies":[{"name":"wp","href":"https:\/\/api.w.org\/{rel}","templated":true}]}}